{"id":510,"date":"2022-06-05T14:47:14","date_gmt":"2022-06-05T14:47:14","guid":{"rendered":"https:\/\/uus.islam.pri.ee\/?p=510"},"modified":"2022-06-05T15:06:34","modified_gmt":"2022-06-05T15:06:34","slug":"iqra-nr-50","status":"publish","type":"post","link":"https:\/\/uus.islam.pri.ee\/?p=510","title":{"rendered":"Iqra nr 50"},"content":{"rendered":"\n<div class=\"wp-block-columns alignwide is-layout-flex wp-container-core-columns-is-layout-9d6595d7 wp-block-columns-is-layout-flex\">\n<div class=\"wp-block-column is-layout-flow wp-block-column-is-layout-flow\" style=\"flex-basis:50%\">\n<figure class=\"wp-block-image\"><img loading=\"lazy\" decoding=\"async\" width=\"332\" height=\"323\" src=\"https:\/\/uus.islam.pri.ee\/wp-content\/uploads\/2022\/06\/50.png\" alt=\"\" class=\"wp-image-511\" srcset=\"https:\/\/uus.islam.pri.ee\/wp-content\/uploads\/2022\/06\/50.png 332w, https:\/\/uus.islam.pri.ee\/wp-content\/uploads\/2022\/06\/50-300x292.png 300w\" sizes=\"auto, (max-width: 332px) 100vw, 332px\" \/><figcaption><a href=\"http:\/\/islam.pri.ee\/IQRA\/Iqra_kuukiri_50.pdf\" target=\"_blank\" rel=\"noreferrer noopener\">Lae kuukiri siit<\/a><\/figcaption><\/figure>\n<\/div>\n\n\n\n<div class=\"wp-block-column is-layout-flow wp-block-column-is-layout-flow\" style=\"flex-basis:50%\">\n<p>\u0627\u0644\u0633\u0627\u0644\u0645 \u0639\u0644\u064a\u0643\u0645 \u0648\u0631\u062d\u0645\u0629 \u0627\u0644\u0644\u0647 \u0648\u0628\u0631\u0643\u0627\u062a\u0647<\/p>\n\n\n\n<p>Poolsada numbrit ja mitmeid aastaid t\u00f5sist t\u00f6\u00f6d on meil seljataga ja loodame, et ideed ja t\u00f6\u00f6ind meid veel ei h\u00fclga. Suurtest lootustest hoolimata on meil siiski ka v\u00e4ike mugandus \u2013 nimelt hakkab alates 2014. aastast Iqra ilmuma kord kvartalis ehk iga kolme kuu tagant: jaanuaris, aprillis, juulis ja oktoobris. See annab meie vabatahtlikele tegijatele v\u00f5imalust ka veidi rohkem muudele asjadele keskenduda. Kui teil, kallid lugejad, on ettepanekuid meie ajakirja parendamiseks, v\u00f5ite meile alati neist teada anda.<br>Aga n\u00fc\u00fcd juba juubelinumbri enda juurde. Seekordseks peateemaks on moslemilaste kasvatamine, mida lahkame nii islami kui ka Euroopas elamise l\u00e4htepunktist. Oma islami leidmise loo jutustab seekord Janno.<br>Eelmises numbris sai otsa Eileeni Ghana lugu, seega moslemip\u00e4evikute rubriigi v\u00f5tab n\u00fc\u00fcdsest \u00fcle Lembi-Malak, kelle aval\u00f6\u00f6ki seekord lugeda saategi. R\u00e4\u00e4gime veel lastega seoses muinasjuttude kasulikkusest,<br>kooskasvamisest, laste \u00f5igustest ja paljust muust p\u00f5nevast.<br>Meeldivat lugemist!<br>Fi amani llah!<br>Kuukirja koostajad<\/p>\n<\/div>\n<\/div>\n","protected":false},"excerpt":{"rendered":"<p>\u0627\u0644\u0633\u0627\u0644\u0645 \u0639\u0644\u064a\u0643\u0645 \u0648\u0631\u062d\u0645\u0629 \u0627\u0644\u0644\u0647 \u0648\u0628\u0631\u0643\u0627\u062a\u0647 Poolsada numbrit ja mitmeid aastaid t\u00f5sist t\u00f6\u00f6d on meil seljataga ja loodame, et ideed ja t\u00f6\u00f6ind meid veel ei h\u00fclga. Suurtest lootustest hoolimata on meil siiski ka v\u00e4ike mugandus \u2013 nimelt hakkab alates 2014. aastast Iqra ilmuma kord kvartalis ehk iga kolme kuu tagant: jaanuaris, aprillis, juulis ja oktoobris. See [&hellip;]<\/p>\n","protected":false},"author":1,"featured_media":0,"comment_status":"closed","ping_status":"closed","sticky":false,"template":"","format":"standard","meta":{"footnotes":""},"categories":[13],"tags":[],"class_list":["post-510","post","type-post","status-publish","format-standard","hentry","category-iqra-eesti-moslemite-kuukiri"],"_links":{"self":[{"href":"https:\/\/uus.islam.pri.ee\/index.php?rest_route=\/wp\/v2\/posts\/510","targetHints":{"allow":["GET"]}}],"collection":[{"href":"https:\/\/uus.islam.pri.ee\/index.php?rest_route=\/wp\/v2\/posts"}],"about":[{"href":"https:\/\/uus.islam.pri.ee\/index.php?rest_route=\/wp\/v2\/types\/post"}],"author":[{"embeddable":true,"href":"https:\/\/uus.islam.pri.ee\/index.php?rest_route=\/wp\/v2\/users\/1"}],"replies":[{"embeddable":true,"href":"https:\/\/uus.islam.pri.ee\/index.php?rest_route=%2Fwp%2Fv2%2Fcomments&post=510"}],"version-history":[{"count":3,"href":"https:\/\/uus.islam.pri.ee\/index.php?rest_route=\/wp\/v2\/posts\/510\/revisions"}],"predecessor-version":[{"id":531,"href":"https:\/\/uus.islam.pri.ee\/index.php?rest_route=\/wp\/v2\/posts\/510\/revisions\/531"}],"wp:attachment":[{"href":"https:\/\/uus.islam.pri.ee\/index.php?rest_route=%2Fwp%2Fv2%2Fmedia&parent=510"}],"wp:term":[{"taxonomy":"category","embeddable":true,"href":"https:\/\/uus.islam.pri.ee\/index.php?rest_route=%2Fwp%2Fv2%2Fcategories&post=510"},{"taxonomy":"post_tag","embeddable":true,"href":"https:\/\/uus.islam.pri.ee\/index.php?rest_route=%2Fwp%2Fv2%2Ftags&post=510"}],"curies":[{"name":"wp","href":"https:\/\/api.w.org\/{rel}","templated":true}]}}